{"id":958,"date":"2020-06-17T18:53:33","date_gmt":"2020-06-17T22:53:33","guid":{"rendered":"https:\/\/sindicato2schindler.cl\/sitio\/?p=958"},"modified":"2020-06-17T18:54:20","modified_gmt":"2020-06-17T22:54:20","slug":"presentacion-de-encuesta","status":"publish","type":"post","link":"https:\/\/sindicato2schindler.cl\/sitio\/presentacion-de-encuesta\/","title":{"rendered":"Presentaci\u00f3n de Encuesta"},"content":{"rendered":"\n<figure class=\"wp-block-image size-large\"><img loading=\"lazy\" decoding=\"async\" width=\"660\" height=\"300\" src=\"https:\/\/sindicato2schindler.cl\/sitio\/wp-content\/uploads\/2020\/06\/banner-encuesta.png\" alt=\"\" class=\"wp-image-959\" srcset=\"https:\/\/sindicato2schindler.cl\/sitio\/wp-content\/uploads\/2020\/06\/banner-encuesta.png 660w, https:\/\/sindicato2schindler.cl\/sitio\/wp-content\/uploads\/2020\/06\/banner-encuesta-300x136.png 300w\" sizes=\"auto, (max-width: 660px) 100vw, 660px\" \/><\/figure>\n\n\n\n<p>Estimados socios, hemos preparado una encuesta cuyo prop\u00f3sito es conocernos mejor: saber qui\u00e9nes somos y cu\u00e1l es nuestra realidad, con el prop\u00f3sito de representarles de la mejor manera.<\/p>\n\n\n\n<p>La encuesta estar\u00e1 disponible hasta el viernes 31 de julio. Toda la informaci\u00f3n que nos proporcionen ser\u00e1 tratada con confidencialidad.<\/p>\n\n\n\n<p>Para acceder a la encuesta, por favor presionar el siguiente bot\u00f3n:<\/p>\n\n\n\n<div class=\"wp-block-image\"><figure class=\"aligncenter size-large\"><a href=\"https:\/\/bit.ly\/sas-encuesta\"><img loading=\"lazy\" decoding=\"async\" width=\"310\" height=\"90\" src=\"https:\/\/sindicato2schindler.cl\/sitio\/wp-content\/uploads\/2020\/06\/boton-encuesta.png\" alt=\"\" class=\"wp-image-960\" srcset=\"https:\/\/sindicato2schindler.cl\/sitio\/wp-content\/uploads\/2020\/06\/boton-encuesta.png 310w, https:\/\/sindicato2schindler.cl\/sitio\/wp-content\/uploads\/2020\/06\/boton-encuesta-300x87.png 300w\" sizes=\"auto, (max-width: 310px) 100vw, 310px\" \/><\/a><\/figure><\/div>\n\n\n","protected":false},"excerpt":{"rendered":"<p>Estimados socios, hemos preparado una encuesta cuyo prop\u00f3sito es conocernos mejor: saber qui\u00e9nes somos y cu\u00e1l es nuestra realidad, con el prop\u00f3sito de representarles de la mejor manera. La encuesta estar\u00e1 disponible hasta el viernes 31 de julio. Toda la&hellip; <\/p>\n","protected":false},"author":1,"featured_media":959,"comment_status":"open","ping_status":"open","sticky":false,"template":"","format":"standard","meta":{"footnotes":""},"categories":[1],"tags":[],"class_list":["post-958","post","type-post","status-publish","format-standard","has-post-thumbnail","hentry","category-portada"],"_links":{"self":[{"href":"https:\/\/sindicato2schindler.cl\/sitio\/wp-json\/wp\/v2\/posts\/958","targetHints":{"allow":["GET"]}}],"collection":[{"href":"https:\/\/sindicato2schindler.cl\/sitio\/wp-json\/wp\/v2\/posts"}],"about":[{"href":"https:\/\/sindicato2schindler.cl\/sitio\/wp-json\/wp\/v2\/types\/post"}],"author":[{"embeddable":true,"href":"https:\/\/sindicato2schindler.cl\/sitio\/wp-json\/wp\/v2\/users\/1"}],"replies":[{"embeddable":true,"href":"https:\/\/sindicato2schindler.cl\/sitio\/wp-json\/wp\/v2\/comments?post=958"}],"version-history":[{"count":1,"href":"https:\/\/sindicato2schindler.cl\/sitio\/wp-json\/wp\/v2\/posts\/958\/revisions"}],"predecessor-version":[{"id":961,"href":"https:\/\/sindicato2schindler.cl\/sitio\/wp-json\/wp\/v2\/posts\/958\/revisions\/961"}],"wp:featuredmedia":[{"embeddable":true,"href":"https:\/\/sindicato2schindler.cl\/sitio\/wp-json\/wp\/v2\/media\/959"}],"wp:attachment":[{"href":"https:\/\/sindicato2schindler.cl\/sitio\/wp-json\/wp\/v2\/media?parent=958"}],"wp:term":[{"taxonomy":"category","embeddable":true,"href":"https:\/\/sindicato2schindler.cl\/sitio\/wp-json\/wp\/v2\/categories?post=958"},{"taxonomy":"post_tag","embeddable":true,"href":"https:\/\/sindicato2schindler.cl\/sitio\/wp-json\/wp\/v2\/tags?post=958"}],"curies":[{"name":"wp","href":"https:\/\/api.w.org\/{rel}","templated":true}]}}