{"id":2184,"date":"2026-04-30T04:00:17","date_gmt":"2026-04-30T08:00:17","guid":{"rendered":"https:\/\/sindicato2schindler.cl\/sitio\/?p=2184"},"modified":"2026-04-28T12:52:15","modified_gmt":"2026-04-28T16:52:15","slug":"saludo-1de-mayo","status":"publish","type":"post","link":"https:\/\/sindicato2schindler.cl\/sitio\/saludo-1de-mayo\/","title":{"rendered":"Saludo  1\u00b0de Mayo"},"content":{"rendered":"<p><img loading=\"lazy\" decoding=\"async\" class=\"aligncenter size-full wp-image-2186\" src=\"https:\/\/sindicato2schindler.cl\/sitio\/wp-content\/uploads\/2026\/04\/1demayo.jpg\" alt=\"\" width=\"670\" height=\"300\" srcset=\"https:\/\/sindicato2schindler.cl\/sitio\/wp-content\/uploads\/2026\/04\/1demayo.jpg 670w, https:\/\/sindicato2schindler.cl\/sitio\/wp-content\/uploads\/2026\/04\/1demayo-300x134.jpg 300w\" sizes=\"auto, (max-width: 670px) 100vw, 670px\" \/><\/p>\n<p data-start=\"109\" data-end=\"278\">En este <strong data-start=\"117\" data-end=\"189\">1\u00b0 de Mayo, D\u00eda Internacional de las Trabajadoras y los Trabajadores<\/strong>, saludamos fraternalmente a todas y todos los socios del <strong data-start=\"247\" data-end=\"277\">Sindicato N\u00b02 de Schindler<\/strong>.<\/p>\n<p data-start=\"280\" data-end=\"507\">En esta fecha tan especial, queremos reconocer el esfuerzo, la responsabilidad y el compromiso de cada trabajador y trabajadora que d\u00eda a d\u00eda aporta con su experiencia, dedicaci\u00f3n y profesionalismo al desarrollo de sus labores.<\/p>\n<p data-start=\"509\" data-end=\"874\">El trabajo digno, la unidad sindical y la defensa de nuestros derechos son principios que nos convocan y fortalecen como organizaci\u00f3n. Por eso, este d\u00eda nos invita no solo a conmemorar la historia de las y los trabajadores, sino tambi\u00e9n a renovar nuestro compromiso con mejores condiciones laborales, respeto y bienestar para todos nuestros compa\u00f1eros y compa\u00f1eras.<\/p>\n<p data-start=\"876\" data-end=\"966\">Reciban un afectuoso y fraternal saludo en este <strong data-start=\"924\" data-end=\"965\">D\u00eda Internacional de los Trabajadores<\/strong>.<\/p>\n<p data-start=\"968\" data-end=\"1016\" data-is-last-node=\"\" data-is-only-node=\"\"><strong data-start=\"968\" data-end=\"1016\" data-is-last-node=\"\">Directiva Sindical<br data-start=\"988\" data-end=\"991\" \/>Sindicato N\u00b02 Schindler<\/strong><\/p>\n","protected":false},"excerpt":{"rendered":"<p>En este 1\u00b0 de Mayo, D\u00eda Internacional de las Trabajadoras y los Trabajadores, saludamos fraternalmente a todas y todos los socios del Sindicato N\u00b02 de Schindler. En esta fecha tan especial, queremos reconocer el esfuerzo, la responsabilidad y el compromiso&hellip; <\/p>\n","protected":false},"author":1,"featured_media":2186,"comment_status":"open","ping_status":"open","sticky":false,"template":"","format":"standard","meta":{"footnotes":""},"categories":[1],"tags":[],"class_list":["post-2184","post","type-post","status-publish","format-standard","has-post-thumbnail","hentry","category-portada"],"_links":{"self":[{"href":"https:\/\/sindicato2schindler.cl\/sitio\/wp-json\/wp\/v2\/posts\/2184","targetHints":{"allow":["GET"]}}],"collection":[{"href":"https:\/\/sindicato2schindler.cl\/sitio\/wp-json\/wp\/v2\/posts"}],"about":[{"href":"https:\/\/sindicato2schindler.cl\/sitio\/wp-json\/wp\/v2\/types\/post"}],"author":[{"embeddable":true,"href":"https:\/\/sindicato2schindler.cl\/sitio\/wp-json\/wp\/v2\/users\/1"}],"replies":[{"embeddable":true,"href":"https:\/\/sindicato2schindler.cl\/sitio\/wp-json\/wp\/v2\/comments?post=2184"}],"version-history":[{"count":3,"href":"https:\/\/sindicato2schindler.cl\/sitio\/wp-json\/wp\/v2\/posts\/2184\/revisions"}],"predecessor-version":[{"id":2188,"href":"https:\/\/sindicato2schindler.cl\/sitio\/wp-json\/wp\/v2\/posts\/2184\/revisions\/2188"}],"wp:featuredmedia":[{"embeddable":true,"href":"https:\/\/sindicato2schindler.cl\/sitio\/wp-json\/wp\/v2\/media\/2186"}],"wp:attachment":[{"href":"https:\/\/sindicato2schindler.cl\/sitio\/wp-json\/wp\/v2\/media?parent=2184"}],"wp:term":[{"taxonomy":"category","embeddable":true,"href":"https:\/\/sindicato2schindler.cl\/sitio\/wp-json\/wp\/v2\/categories?post=2184"},{"taxonomy":"post_tag","embeddable":true,"href":"https:\/\/sindicato2schindler.cl\/sitio\/wp-json\/wp\/v2\/tags?post=2184"}],"curies":[{"name":"wp","href":"https:\/\/api.w.org\/{rel}","templated":true}]}}