{"id":2164,"date":"2025-12-10T16:59:44","date_gmt":"2025-12-10T19:59:44","guid":{"rendered":"https:\/\/sindicato2schindler.cl\/sitio\/?p=2164"},"modified":"2025-12-10T17:01:59","modified_gmt":"2025-12-10T20:01:59","slug":"comunicado-sindical-2","status":"publish","type":"post","link":"https:\/\/sindicato2schindler.cl\/sitio\/comunicado-sindical-2\/","title":{"rendered":"COMUNICADO SINDICAL"},"content":{"rendered":"<p><img loading=\"lazy\" decoding=\"async\" class=\"aligncenter size-full wp-image-2111\" src=\"https:\/\/sindicato2schindler.cl\/sitio\/wp-content\/uploads\/2025\/07\/comunicado-sindical.jpg\" alt=\"\" width=\"670\" height=\"300\" srcset=\"https:\/\/sindicato2schindler.cl\/sitio\/wp-content\/uploads\/2025\/07\/comunicado-sindical.jpg 670w, https:\/\/sindicato2schindler.cl\/sitio\/wp-content\/uploads\/2025\/07\/comunicado-sindical-300x134.jpg 300w\" sizes=\"auto, (max-width: 670px) 100vw, 670px\" \/><\/p>\n<p style=\"text-align: center;\"><strong>Votaci\u00f3n total de directorio 2025 \/ 2028<\/strong><\/p>\n<p data-start=\"92\" data-end=\"469\">Se convoca a todos los socios del Sindicato N.\u00ba 2 de Ascensores Schindler Chile para participar en el proceso de votaci\u00f3n que se realizar\u00e1 <strong>el d\u00eda viernes 12 de diciembre de 2025<\/strong>.<\/p>\n<p data-start=\"92\" data-end=\"469\">La votaci\u00f3n ser\u00e1 <strong data-start=\"294\" data-end=\"308\">presencial<\/strong> en Santiago, desde las <strong data-start=\"332\" data-end=\"363\">16:00 hasta las 18:00 horas<\/strong>, en nuestra sede sindical de Industrial Chile Constramet, ubicada en <strong data-start=\"433\" data-end=\"468\">Santa Rosa 101, Santiago Centro<\/strong>.<\/p>\n<p data-start=\"471\" data-end=\"603\">En regiones, la votaci\u00f3n se realizar\u00e1 <strong data-start=\"509\" data-end=\"543\">preferentemente a primera hora<\/strong> en la respectiva <strong data-start=\"561\" data-end=\"587\">Inspecci\u00f3n del Trabajo<\/strong> de cada ciudad.<\/p>\n<p data-start=\"605\" data-end=\"779\">De acuerdo con nuestros estatutos, se deben elegir <strong data-start=\"656\" data-end=\"675\">tres dirigentes<\/strong>, por lo que cada socio deber\u00e1 votar por <strong data-start=\"716\" data-end=\"736\">dos preferencias<\/strong>. Los candidatos que integran la terna son:<\/p>\n<ol data-start=\"781\" data-end=\"871\">\n<li data-start=\"781\" data-end=\"809\">\n<p data-start=\"784\" data-end=\"809\"><strong>Eduardo Cortez Guerrero<\/strong><\/p>\n<\/li>\n<li data-start=\"810\" data-end=\"837\">\n<p data-start=\"813\" data-end=\"837\"><strong>Orlando Vera Henr\u00edquez<\/strong><\/p>\n<\/li>\n<li data-start=\"838\" data-end=\"871\">\n<p data-start=\"841\" data-end=\"871\"><strong>Mauricio Bustamante Figueroa<\/strong><\/p>\n<\/li>\n<\/ol>\n<p data-start=\"873\" data-end=\"943\">La comisi\u00f3n electoral designada para este proceso est\u00e1 conformada por:<\/p>\n<ol data-start=\"945\" data-end=\"998\">\n<li data-start=\"945\" data-end=\"969\">\n<p data-start=\"948\" data-end=\"969\"><strong>Claudia Reyes Reyes<\/strong><\/p>\n<\/li>\n<li data-start=\"970\" data-end=\"998\">\n<p data-start=\"973\" data-end=\"998\"><strong>Andr\u00e9s Marambio Verdugo<\/strong><\/p>\n<\/li>\n<\/ol>\n<p data-start=\"1000\" data-end=\"1241\">Se solicita la participaci\u00f3n responsable de todos los socios en este importante proceso, ya que contar con una directiva s\u00f3lida, unida y comprometida es fundamental para avanzar en los beneficios y fortalecer las buenas relaciones laborales.<\/p>\n<p data-start=\"1243\" data-end=\"1259\"><strong data-start=\"1243\" data-end=\"1259\">LA DIRECTIVA<\/strong><\/p>\n","protected":false},"excerpt":{"rendered":"<p>Votaci\u00f3n total de directorio 2025 \/ 2028 Se convoca a todos los socios del Sindicato N.\u00ba 2 de Ascensores Schindler Chile para participar en el proceso de votaci\u00f3n que se realizar\u00e1 el d\u00eda viernes 12 de diciembre de 2025. La&hellip; <\/p>\n","protected":false},"author":1,"featured_media":2111,"comment_status":"open","ping_status":"open","sticky":false,"template":"","format":"standard","meta":{"footnotes":""},"categories":[7],"tags":[],"class_list":["post-2164","post","type-post","status-publish","format-standard","has-post-thumbnail","hentry","category-noticias"],"_links":{"self":[{"href":"https:\/\/sindicato2schindler.cl\/sitio\/wp-json\/wp\/v2\/posts\/2164","targetHints":{"allow":["GET"]}}],"collection":[{"href":"https:\/\/sindicato2schindler.cl\/sitio\/wp-json\/wp\/v2\/posts"}],"about":[{"href":"https:\/\/sindicato2schindler.cl\/sitio\/wp-json\/wp\/v2\/types\/post"}],"author":[{"embeddable":true,"href":"https:\/\/sindicato2schindler.cl\/sitio\/wp-json\/wp\/v2\/users\/1"}],"replies":[{"embeddable":true,"href":"https:\/\/sindicato2schindler.cl\/sitio\/wp-json\/wp\/v2\/comments?post=2164"}],"version-history":[{"count":4,"href":"https:\/\/sindicato2schindler.cl\/sitio\/wp-json\/wp\/v2\/posts\/2164\/revisions"}],"predecessor-version":[{"id":2168,"href":"https:\/\/sindicato2schindler.cl\/sitio\/wp-json\/wp\/v2\/posts\/2164\/revisions\/2168"}],"wp:featuredmedia":[{"embeddable":true,"href":"https:\/\/sindicato2schindler.cl\/sitio\/wp-json\/wp\/v2\/media\/2111"}],"wp:attachment":[{"href":"https:\/\/sindicato2schindler.cl\/sitio\/wp-json\/wp\/v2\/media?parent=2164"}],"wp:term":[{"taxonomy":"category","embeddable":true,"href":"https:\/\/sindicato2schindler.cl\/sitio\/wp-json\/wp\/v2\/categories?post=2164"},{"taxonomy":"post_tag","embeddable":true,"href":"https:\/\/sindicato2schindler.cl\/sitio\/wp-json\/wp\/v2\/tags?post=2164"}],"curies":[{"name":"wp","href":"https:\/\/api.w.org\/{rel}","templated":true}]}}