{"id":2133,"date":"2025-08-13T19:35:49","date_gmt":"2025-08-13T23:35:49","guid":{"rendered":"https:\/\/sindicato2schindler.cl\/sitio\/?p=2133"},"modified":"2025-08-13T19:38:00","modified_gmt":"2025-08-13T23:38:00","slug":"historico-primer-encuentro-regional-del-subsector-de-transporte-vertical-en-sudamerica","status":"publish","type":"post","link":"https:\/\/sindicato2schindler.cl\/sitio\/historico-primer-encuentro-regional-del-subsector-de-transporte-vertical-en-sudamerica\/","title":{"rendered":"Hist\u00f3rico Primer Encuentro Regional del Subsector de Transporte Vertical en Sudam\u00e9rica"},"content":{"rendered":"<p data-start=\"176\" data-end=\"635\"><img loading=\"lazy\" decoding=\"async\" class=\"aligncenter size-full wp-image-2134\" src=\"https:\/\/sindicato2schindler.cl\/sitio\/wp-content\/uploads\/2025\/08\/primer-ecuentro.jpg\" alt=\"\" width=\"670\" height=\"300\" srcset=\"https:\/\/sindicato2schindler.cl\/sitio\/wp-content\/uploads\/2025\/08\/primer-ecuentro.jpg 670w, https:\/\/sindicato2schindler.cl\/sitio\/wp-content\/uploads\/2025\/08\/primer-ecuentro-300x134.jpg 300w\" sizes=\"auto, (max-width: 670px) 100vw, 670px\" \/><\/p>\n<p data-start=\"176\" data-end=\"635\">Este mi\u00e9rcoles se dio un paso trascendental para el sector de ascensores, elevadores y escaleras mec\u00e1nicas en Sudam\u00e9rica, con la realizaci\u00f3n de la <strong data-start=\"323\" data-end=\"365\">primera reuni\u00f3n regional del subsector<\/strong>, organizada por <strong data-start=\"382\" data-end=\"437\">IndustriALL Global Union Am\u00e9rica Latina y el Caribe<\/strong>. El encuentro cont\u00f3 con la participaci\u00f3n de dirigentes sindicales de <strong data-start=\"507\" data-end=\"545\">Chile, Ecuador, Brasil y Argentina<\/strong>, quienes debatieron sobre la realidad actual del sector y los desaf\u00edos que se avecinan.<\/p>\n<p data-start=\"637\" data-end=\"1057\">La jornada comenz\u00f3 con la intervenci\u00f3n de <strong data-start=\"679\" data-end=\"697\">Patrick Correa<\/strong>, director de Ingenier\u00eda Mec\u00e1nica y Metales B\u00e1sicos de IndustriALL Global Union, quien destac\u00f3 el profundo impacto que tendr\u00e1n las nuevas tecnolog\u00edas \u2014como la inteligencia artificial y la automatizaci\u00f3n\u2014 en el futuro del trabajo. Adem\u00e1s, se present\u00f3 un an\u00e1lisis de la coyuntura global, abriendo un espacio de di\u00e1logo para definir los pr\u00f3ximos pasos a seguir.<\/p>\n<p data-start=\"1059\" data-end=\"1315\">Entre los objetivos definidos por IndustriALL se encuentran: <strong data-start=\"1120\" data-end=\"1162\">crear un grupo de interacci\u00f3n regional<\/strong>, <strong data-start=\"1164\" data-end=\"1212\">estructurar el di\u00e1logo social a nivel global<\/strong> y <strong data-start=\"1215\" data-end=\"1312\">contactar sindicatos para formar una red sindical en las distintas multinacionales del sector<\/strong>.<\/p>\n<p data-start=\"1317\" data-end=\"1652\">El evento marc\u00f3 un compromiso conjunto para fortalecer la unidad y la fuerza sindical en toda la regi\u00f3n, contando con el respaldo de organizaciones como <strong data-start=\"1470\" data-end=\"1499\">UOM Secretariado Nacional<\/strong>, <strong data-start=\"1501\" data-end=\"1511\">Asimra<\/strong>, <strong data-start=\"1513\" data-end=\"1572\">Confedera\u00e7\u00e3o Nacional dos Metal\u00fargicos da CUT (CNM\/CUT)<\/strong>, <strong data-start=\"1574\" data-end=\"1630\">Confedera\u00e7\u00e3o Nacional dos Trabalhadores Metal\u00fargicos<\/strong> y <strong data-start=\"1633\" data-end=\"1649\">Constrametcl<\/strong>.<\/p>\n<p data-start=\"1654\" data-end=\"1846\"><strong data-start=\"1654\" data-end=\"1681\">Eduardo Cortez Guerrero<\/strong> felicit\u00f3 este primer paso y agradeci\u00f3 el apoyo de IndustriALL, resaltando la importancia de dar el valor que merece el transporte vertical en este lado del mundo.<\/p>\n<p data-start=\"1848\" data-end=\"2094\"><em data-start=\"1848\" data-end=\"1907\">\u00abSeguimos construyendo unidad y fuerza en toda la regi\u00f3n\u00bb<\/em>, coincidieron los participantes, reafirmando que este es solo el inicio de un trabajo coordinado que permitir\u00e1 enfrentar con solidez los retos de un sector en constante transformaci\u00f3n.<\/p>\n<p data-start=\"1848\" data-end=\"2094\"><img loading=\"lazy\" decoding=\"async\" class=\"aligncenter size-full wp-image-2135\" src=\"https:\/\/sindicato2schindler.cl\/sitio\/wp-content\/uploads\/2025\/08\/tv-01.jpg\" alt=\"\" width=\"350\" height=\"614\" srcset=\"https:\/\/sindicato2schindler.cl\/sitio\/wp-content\/uploads\/2025\/08\/tv-01.jpg 350w, https:\/\/sindicato2schindler.cl\/sitio\/wp-content\/uploads\/2025\/08\/tv-01-171x300.jpg 171w\" sizes=\"auto, (max-width: 350px) 100vw, 350px\" \/><img loading=\"lazy\" decoding=\"async\" class=\"aligncenter size-full wp-image-2137\" src=\"https:\/\/sindicato2schindler.cl\/sitio\/wp-content\/uploads\/2025\/08\/tv-02.jpg\" alt=\"\" width=\"350\" height=\"535\" srcset=\"https:\/\/sindicato2schindler.cl\/sitio\/wp-content\/uploads\/2025\/08\/tv-02.jpg 350w, https:\/\/sindicato2schindler.cl\/sitio\/wp-content\/uploads\/2025\/08\/tv-02-196x300.jpg 196w\" sizes=\"auto, (max-width: 350px) 100vw, 350px\" \/><\/p>\n<p data-start=\"1848\" data-end=\"2094\"><img loading=\"lazy\" decoding=\"async\" class=\"aligncenter size-full wp-image-2136\" src=\"https:\/\/sindicato2schindler.cl\/sitio\/wp-content\/uploads\/2025\/08\/tv-03.jpg\" alt=\"\" width=\"350\" height=\"631\" srcset=\"https:\/\/sindicato2schindler.cl\/sitio\/wp-content\/uploads\/2025\/08\/tv-03.jpg 350w, https:\/\/sindicato2schindler.cl\/sitio\/wp-content\/uploads\/2025\/08\/tv-03-166x300.jpg 166w\" sizes=\"auto, (max-width: 350px) 100vw, 350px\" \/><\/p>\n","protected":false},"excerpt":{"rendered":"<p>Este mi\u00e9rcoles se dio un paso trascendental para el sector de ascensores, elevadores y escaleras mec\u00e1nicas en Sudam\u00e9rica, con la realizaci\u00f3n de la primera reuni\u00f3n regional del subsector, organizada por IndustriALL Global Union Am\u00e9rica Latina y el Caribe. El encuentro&hellip; <\/p>\n","protected":false},"author":1,"featured_media":2134,"comment_status":"open","ping_status":"open","sticky":false,"template":"","format":"standard","meta":{"footnotes":""},"categories":[7],"tags":[],"class_list":["post-2133","post","type-post","status-publish","format-standard","has-post-thumbnail","hentry","category-noticias"],"_links":{"self":[{"href":"https:\/\/sindicato2schindler.cl\/sitio\/wp-json\/wp\/v2\/posts\/2133","targetHints":{"allow":["GET"]}}],"collection":[{"href":"https:\/\/sindicato2schindler.cl\/sitio\/wp-json\/wp\/v2\/posts"}],"about":[{"href":"https:\/\/sindicato2schindler.cl\/sitio\/wp-json\/wp\/v2\/types\/post"}],"author":[{"embeddable":true,"href":"https:\/\/sindicato2schindler.cl\/sitio\/wp-json\/wp\/v2\/users\/1"}],"replies":[{"embeddable":true,"href":"https:\/\/sindicato2schindler.cl\/sitio\/wp-json\/wp\/v2\/comments?post=2133"}],"version-history":[{"count":1,"href":"https:\/\/sindicato2schindler.cl\/sitio\/wp-json\/wp\/v2\/posts\/2133\/revisions"}],"predecessor-version":[{"id":2138,"href":"https:\/\/sindicato2schindler.cl\/sitio\/wp-json\/wp\/v2\/posts\/2133\/revisions\/2138"}],"wp:featuredmedia":[{"embeddable":true,"href":"https:\/\/sindicato2schindler.cl\/sitio\/wp-json\/wp\/v2\/media\/2134"}],"wp:attachment":[{"href":"https:\/\/sindicato2schindler.cl\/sitio\/wp-json\/wp\/v2\/media?parent=2133"}],"wp:term":[{"taxonomy":"category","embeddable":true,"href":"https:\/\/sindicato2schindler.cl\/sitio\/wp-json\/wp\/v2\/categories?post=2133"},{"taxonomy":"post_tag","embeddable":true,"href":"https:\/\/sindicato2schindler.cl\/sitio\/wp-json\/wp\/v2\/tags?post=2133"}],"curies":[{"name":"wp","href":"https:\/\/api.w.org\/{rel}","templated":true}]}}