{"id":1845,"date":"2022-07-27T14:11:12","date_gmt":"2022-07-27T18:11:12","guid":{"rendered":"https:\/\/sindicato2schindler.cl\/sitio\/?p=1845"},"modified":"2022-07-27T16:37:56","modified_gmt":"2022-07-27T20:37:56","slug":"nuestras-condolencias-2022","status":"publish","type":"post","link":"https:\/\/sindicato2schindler.cl\/sitio\/nuestras-condolencias-2022\/","title":{"rendered":"Nuestras Condolencias"},"content":{"rendered":"<p><img loading=\"lazy\" decoding=\"async\" class=\"aligncenter size-full wp-image-1844\" src=\"https:\/\/sindicato2schindler.cl\/sitio\/wp-content\/uploads\/2022\/07\/banner-duelo.png\" alt=\"\" width=\"670\" height=\"300\" srcset=\"https:\/\/sindicato2schindler.cl\/sitio\/wp-content\/uploads\/2022\/07\/banner-duelo.png 670w, https:\/\/sindicato2schindler.cl\/sitio\/wp-content\/uploads\/2022\/07\/banner-duelo-300x134.png 300w\" sizes=\"auto, (max-width: 670px) 100vw, 670px\" \/>Con profundo pesar, informamos que hoy ha fallecido un ex compa\u00f1ero de Ascensores Schindler, <strong>se\u00f1or Hector Salazar Villablanca, (Q.E.P.D.),<\/strong> enviamos nuestras condolencias a sus hijos, familia, amigos y cecanos.<\/p>\n<p>Estaremos informando al respecto.<\/p>\n<p>Codialmente,<\/p>\n<p>La Directiva<\/p>\n<blockquote><p><span style=\"font-size: 14pt;\">Querida familia.<br \/>\nMi hermano H\u00e9ctor, ser\u00e1 trasladado al cementerio metropolitano, llegaremos como a la 19:00 aproximadamente. El jueves 28 de julio se velar\u00e1 todo el d\u00eda en el velatorio del cementerio y el viernes 29 se realizar\u00e1 una misa en la iglesia que tambi\u00e9n est\u00e1 en el cementerio a las 11:30 hrs y a las 12:00 hrs ser\u00e1 el funeral.<br \/>\nMuchas gracias a todos por sus palabras.<\/span><\/p><\/blockquote>\n","protected":false},"excerpt":{"rendered":"<p>Con profundo pesar, informamos que hoy ha fallecido un ex compa\u00f1ero de Ascensores Schindler, se\u00f1or Hector Salazar Villablanca, (Q.E.P.D.), enviamos nuestras condolencias a sus hijos, familia, amigos y cecanos. Estaremos informando al respecto. Codialmente, La Directiva Querida familia. Mi hermano&hellip; <\/p>\n","protected":false},"author":1,"featured_media":1844,"comment_status":"open","ping_status":"open","sticky":false,"template":"","format":"standard","meta":{"footnotes":""},"categories":[7],"tags":[],"class_list":["post-1845","post","type-post","status-publish","format-standard","has-post-thumbnail","hentry","category-noticias"],"_links":{"self":[{"href":"https:\/\/sindicato2schindler.cl\/sitio\/wp-json\/wp\/v2\/posts\/1845","targetHints":{"allow":["GET"]}}],"collection":[{"href":"https:\/\/sindicato2schindler.cl\/sitio\/wp-json\/wp\/v2\/posts"}],"about":[{"href":"https:\/\/sindicato2schindler.cl\/sitio\/wp-json\/wp\/v2\/types\/post"}],"author":[{"embeddable":true,"href":"https:\/\/sindicato2schindler.cl\/sitio\/wp-json\/wp\/v2\/users\/1"}],"replies":[{"embeddable":true,"href":"https:\/\/sindicato2schindler.cl\/sitio\/wp-json\/wp\/v2\/comments?post=1845"}],"version-history":[{"count":3,"href":"https:\/\/sindicato2schindler.cl\/sitio\/wp-json\/wp\/v2\/posts\/1845\/revisions"}],"predecessor-version":[{"id":1848,"href":"https:\/\/sindicato2schindler.cl\/sitio\/wp-json\/wp\/v2\/posts\/1845\/revisions\/1848"}],"wp:featuredmedia":[{"embeddable":true,"href":"https:\/\/sindicato2schindler.cl\/sitio\/wp-json\/wp\/v2\/media\/1844"}],"wp:attachment":[{"href":"https:\/\/sindicato2schindler.cl\/sitio\/wp-json\/wp\/v2\/media?parent=1845"}],"wp:term":[{"taxonomy":"category","embeddable":true,"href":"https:\/\/sindicato2schindler.cl\/sitio\/wp-json\/wp\/v2\/categories?post=1845"},{"taxonomy":"post_tag","embeddable":true,"href":"https:\/\/sindicato2schindler.cl\/sitio\/wp-json\/wp\/v2\/tags?post=1845"}],"curies":[{"name":"wp","href":"https:\/\/api.w.org\/{rel}","templated":true}]}}