{"id":1744,"date":"2022-06-16T14:45:55","date_gmt":"2022-06-16T18:45:55","guid":{"rendered":"https:\/\/sindicato2schindler.cl\/sitio\/?p=1744"},"modified":"2022-06-16T14:48:41","modified_gmt":"2022-06-16T18:48:41","slug":"postulacion-programa-de-vivienda","status":"publish","type":"post","link":"https:\/\/sindicato2schindler.cl\/sitio\/postulacion-programa-de-vivienda\/","title":{"rendered":"Postulaci\u00f3n Programa de Vivienda"},"content":{"rendered":"<p><img loading=\"lazy\" decoding=\"async\" class=\"aligncenter size-full wp-image-1745\" src=\"https:\/\/sindicato2schindler.cl\/sitio\/wp-content\/uploads\/2022\/06\/banner-programa-vivienda.jpg\" alt=\"\" width=\"670\" height=\"300\" srcset=\"https:\/\/sindicato2schindler.cl\/sitio\/wp-content\/uploads\/2022\/06\/banner-programa-vivienda.jpg 670w, https:\/\/sindicato2schindler.cl\/sitio\/wp-content\/uploads\/2022\/06\/banner-programa-vivienda-300x134.jpg 300w\" sizes=\"auto, (max-width: 670px) 100vw, 670px\" \/><\/p>\n<p>Estamos muy contentos de iniciar el segundo llamado a postulaci\u00f3n del programa \u201c<strong>a pasos de t\u00fa casa propia<\/strong>\u201d, liderado por la c\u00e1mara chilena de la construcci\u00f3n.<\/p>\n<p>Este programa est\u00e1 dirigido a las personas que a\u00fan no son propietarios, y que desean concretar la adquisici\u00f3n de la vivienda (nueva o usada).<\/p>\n<p>Si te interesa participar, favor enviar un correo electr\u00f3nico a:\u00a0<strong><a href=\"mailto:carla.marinkovic.oryan@schindler.com\">carla.marinkovic.oryan@schindler.com<\/a><\/strong><\/p>\n<p style=\"text-align: center;\"><strong><span style=\"background-color: #ffffff; color: #ff0000;\"><span style=\"font-size: 18pt; background-color: #ffffff;\">Plazo de postulaci\u00f3n\u00a0 30 de junio de 2022<\/span><\/span><\/strong><\/p>\n","protected":false},"excerpt":{"rendered":"<p>Estamos muy contentos de iniciar el segundo llamado a postulaci\u00f3n del programa \u201ca pasos de t\u00fa casa propia\u201d, liderado por la c\u00e1mara chilena de la construcci\u00f3n. Este programa est\u00e1 dirigido a las personas que a\u00fan no son propietarios, y que&hellip; <\/p>\n","protected":false},"author":1,"featured_media":1745,"comment_status":"open","ping_status":"open","sticky":false,"template":"","format":"standard","meta":{"footnotes":""},"categories":[7],"tags":[],"class_list":["post-1744","post","type-post","status-publish","format-standard","has-post-thumbnail","hentry","category-noticias"],"_links":{"self":[{"href":"https:\/\/sindicato2schindler.cl\/sitio\/wp-json\/wp\/v2\/posts\/1744","targetHints":{"allow":["GET"]}}],"collection":[{"href":"https:\/\/sindicato2schindler.cl\/sitio\/wp-json\/wp\/v2\/posts"}],"about":[{"href":"https:\/\/sindicato2schindler.cl\/sitio\/wp-json\/wp\/v2\/types\/post"}],"author":[{"embeddable":true,"href":"https:\/\/sindicato2schindler.cl\/sitio\/wp-json\/wp\/v2\/users\/1"}],"replies":[{"embeddable":true,"href":"https:\/\/sindicato2schindler.cl\/sitio\/wp-json\/wp\/v2\/comments?post=1744"}],"version-history":[{"count":2,"href":"https:\/\/sindicato2schindler.cl\/sitio\/wp-json\/wp\/v2\/posts\/1744\/revisions"}],"predecessor-version":[{"id":1747,"href":"https:\/\/sindicato2schindler.cl\/sitio\/wp-json\/wp\/v2\/posts\/1744\/revisions\/1747"}],"wp:featuredmedia":[{"embeddable":true,"href":"https:\/\/sindicato2schindler.cl\/sitio\/wp-json\/wp\/v2\/media\/1745"}],"wp:attachment":[{"href":"https:\/\/sindicato2schindler.cl\/sitio\/wp-json\/wp\/v2\/media?parent=1744"}],"wp:term":[{"taxonomy":"category","embeddable":true,"href":"https:\/\/sindicato2schindler.cl\/sitio\/wp-json\/wp\/v2\/categories?post=1744"},{"taxonomy":"post_tag","embeddable":true,"href":"https:\/\/sindicato2schindler.cl\/sitio\/wp-json\/wp\/v2\/tags?post=1744"}],"curies":[{"name":"wp","href":"https:\/\/api.w.org\/{rel}","templated":true}]}}