{"id":1677,"date":"2022-05-24T16:57:02","date_gmt":"2022-05-24T20:57:02","guid":{"rendered":"https:\/\/sindicato2schindler.cl\/sitio\/?p=1677"},"modified":"2022-05-24T16:58:18","modified_gmt":"2022-05-24T20:58:18","slug":"comando-apruebo-por-trabajo-descente","status":"publish","type":"post","link":"https:\/\/sindicato2schindler.cl\/sitio\/comando-apruebo-por-trabajo-descente\/","title":{"rendered":"Comando Apruebo: Por Trabajo Descente"},"content":{"rendered":"<p><img loading=\"lazy\" decoding=\"async\" class=\"aligncenter size-full wp-image-1678\" src=\"https:\/\/sindicato2schindler.cl\/sitio\/wp-content\/uploads\/2022\/05\/banner-apruebo.png\" alt=\"\" width=\"670\" height=\"300\" srcset=\"https:\/\/sindicato2schindler.cl\/sitio\/wp-content\/uploads\/2022\/05\/banner-apruebo.png 670w, https:\/\/sindicato2schindler.cl\/sitio\/wp-content\/uploads\/2022\/05\/banner-apruebo-300x134.png 300w\" sizes=\"auto, (max-width: 670px) 100vw, 670px\" \/><\/p>\n<p>Hoy 24 de Mayo del 2022, se constituy\u00f3 el <strong>COMANDO DEL APRUEBO<\/strong>, denominado <strong>\u00ab4 de Septiembre Apruebo Constitucion de Salida\u00bb<\/strong> donde nuestra central Cut Chile, sera junto a todas sus afiliadas las que encabecen este momento hist\u00f3rico para nuestro pa\u00eds. Por ende nuestra <strong>Confederaci\u00f3n Industrial Chile Constramet<\/strong>, desplegara a nivel nacional toda la promoci\u00f3n y difusi\u00f3n del contenido final de esta nueva Constituci\u00f3n para Chile.<\/p>\n<p>Para votar informado les hacemos un llamado a leer el nuevo texto y no dejarse llevar por las <em><strong>Fake News<\/strong><\/em>, que aparecen a diarios en los medios tradicionales de comunicaci\u00f3n, todos los cambios que hoy contiene este borrador es sin duda alguna mucho mejor que la Constituci\u00f3n actual, que fue impuesta en un per\u00edodo nefasto de nuestro pa\u00eds.<\/p>\n<p><img loading=\"lazy\" decoding=\"async\" class=\"aligncenter size-full wp-image-1680\" src=\"https:\/\/sindicato2schindler.cl\/sitio\/wp-content\/uploads\/2022\/05\/comando.png\" alt=\"\" width=\"660\" height=\"452\" srcset=\"https:\/\/sindicato2schindler.cl\/sitio\/wp-content\/uploads\/2022\/05\/comando.png 660w, https:\/\/sindicato2schindler.cl\/sitio\/wp-content\/uploads\/2022\/05\/comando-300x205.png 300w\" sizes=\"auto, (max-width: 660px) 100vw, 660px\" \/><\/p>\n<p>&nbsp;<\/p>\n","protected":false},"excerpt":{"rendered":"<p>Hoy 24 de Mayo del 2022, se constituy\u00f3 el COMANDO DEL APRUEBO, denominado \u00ab4 de Septiembre Apruebo Constitucion de Salida\u00bb donde nuestra central Cut Chile, sera junto a todas sus afiliadas las que encabecen este momento hist\u00f3rico para nuestro pa\u00eds.&hellip; <\/p>\n","protected":false},"author":1,"featured_media":1678,"comment_status":"open","ping_status":"open","sticky":false,"template":"","format":"standard","meta":{"footnotes":""},"categories":[7],"tags":[],"class_list":["post-1677","post","type-post","status-publish","format-standard","has-post-thumbnail","hentry","category-noticias"],"_links":{"self":[{"href":"https:\/\/sindicato2schindler.cl\/sitio\/wp-json\/wp\/v2\/posts\/1677","targetHints":{"allow":["GET"]}}],"collection":[{"href":"https:\/\/sindicato2schindler.cl\/sitio\/wp-json\/wp\/v2\/posts"}],"about":[{"href":"https:\/\/sindicato2schindler.cl\/sitio\/wp-json\/wp\/v2\/types\/post"}],"author":[{"embeddable":true,"href":"https:\/\/sindicato2schindler.cl\/sitio\/wp-json\/wp\/v2\/users\/1"}],"replies":[{"embeddable":true,"href":"https:\/\/sindicato2schindler.cl\/sitio\/wp-json\/wp\/v2\/comments?post=1677"}],"version-history":[{"count":2,"href":"https:\/\/sindicato2schindler.cl\/sitio\/wp-json\/wp\/v2\/posts\/1677\/revisions"}],"predecessor-version":[{"id":1681,"href":"https:\/\/sindicato2schindler.cl\/sitio\/wp-json\/wp\/v2\/posts\/1677\/revisions\/1681"}],"wp:featuredmedia":[{"embeddable":true,"href":"https:\/\/sindicato2schindler.cl\/sitio\/wp-json\/wp\/v2\/media\/1678"}],"wp:attachment":[{"href":"https:\/\/sindicato2schindler.cl\/sitio\/wp-json\/wp\/v2\/media?parent=1677"}],"wp:term":[{"taxonomy":"category","embeddable":true,"href":"https:\/\/sindicato2schindler.cl\/sitio\/wp-json\/wp\/v2\/categories?post=1677"},{"taxonomy":"post_tag","embeddable":true,"href":"https:\/\/sindicato2schindler.cl\/sitio\/wp-json\/wp\/v2\/tags?post=1677"}],"curies":[{"name":"wp","href":"https:\/\/api.w.org\/{rel}","templated":true}]}}