{"id":1656,"date":"2022-05-09T11:24:47","date_gmt":"2022-05-09T15:24:47","guid":{"rendered":"https:\/\/sindicato2schindler.cl\/sitio\/?p=1656"},"modified":"2022-05-09T11:24:47","modified_gmt":"2022-05-09T15:24:47","slug":"nuestras-condolencias","status":"publish","type":"post","link":"https:\/\/sindicato2schindler.cl\/sitio\/nuestras-condolencias\/","title":{"rendered":"Nuestras Condolencias"},"content":{"rendered":"<p><img loading=\"lazy\" decoding=\"async\" class=\"aligncenter size-full wp-image-1657\" src=\"https:\/\/sindicato2schindler.cl\/sitio\/wp-content\/uploads\/2022\/05\/banner-duelo.png\" alt=\"\" width=\"670\" height=\"300\" srcset=\"https:\/\/sindicato2schindler.cl\/sitio\/wp-content\/uploads\/2022\/05\/banner-duelo.png 670w, https:\/\/sindicato2schindler.cl\/sitio\/wp-content\/uploads\/2022\/05\/banner-duelo-300x134.png 300w\" sizes=\"auto, (max-width: 670px) 100vw, 670px\" \/><\/p>\n<p>Estimados socios, tenemos el deber de informarles el sensible fallecimiento de la <strong>se\u00f1ora Lidia<\/strong>, esposa de nuestro compa\u00f1ero de <strong>Jorge Troncoso Valdebenito<\/strong>.<\/p>\n<p><strong>Sus funerales ser\u00e1n hoy lunes 09 de mayo, a las 15:30 horas en el Cementerio Metropolitano.<\/strong><\/p>\n<p>En representaci\u00f3n del Sindicato N\u00b02 de Asensores Schindler Chile, hacemos llegar a familiares, amigos y cercanos nuestro m\u00e1s sentido p\u00e9same a sus hijos y nietas.<\/p>\n","protected":false},"excerpt":{"rendered":"<p>Estimados socios, tenemos el deber de informarles el sensible fallecimiento de la se\u00f1ora Lidia, esposa de nuestro compa\u00f1ero de Jorge Troncoso Valdebenito. Sus funerales ser\u00e1n hoy lunes 09 de mayo, a las 15:30 horas en el Cementerio Metropolitano. En representaci\u00f3n&hellip; <\/p>\n","protected":false},"author":1,"featured_media":1657,"comment_status":"open","ping_status":"open","sticky":false,"template":"","format":"standard","meta":{"footnotes":""},"categories":[7],"tags":[],"class_list":["post-1656","post","type-post","status-publish","format-standard","has-post-thumbnail","hentry","category-noticias"],"_links":{"self":[{"href":"https:\/\/sindicato2schindler.cl\/sitio\/wp-json\/wp\/v2\/posts\/1656","targetHints":{"allow":["GET"]}}],"collection":[{"href":"https:\/\/sindicato2schindler.cl\/sitio\/wp-json\/wp\/v2\/posts"}],"about":[{"href":"https:\/\/sindicato2schindler.cl\/sitio\/wp-json\/wp\/v2\/types\/post"}],"author":[{"embeddable":true,"href":"https:\/\/sindicato2schindler.cl\/sitio\/wp-json\/wp\/v2\/users\/1"}],"replies":[{"embeddable":true,"href":"https:\/\/sindicato2schindler.cl\/sitio\/wp-json\/wp\/v2\/comments?post=1656"}],"version-history":[{"count":1,"href":"https:\/\/sindicato2schindler.cl\/sitio\/wp-json\/wp\/v2\/posts\/1656\/revisions"}],"predecessor-version":[{"id":1658,"href":"https:\/\/sindicato2schindler.cl\/sitio\/wp-json\/wp\/v2\/posts\/1656\/revisions\/1658"}],"wp:featuredmedia":[{"embeddable":true,"href":"https:\/\/sindicato2schindler.cl\/sitio\/wp-json\/wp\/v2\/media\/1657"}],"wp:attachment":[{"href":"https:\/\/sindicato2schindler.cl\/sitio\/wp-json\/wp\/v2\/media?parent=1656"}],"wp:term":[{"taxonomy":"category","embeddable":true,"href":"https:\/\/sindicato2schindler.cl\/sitio\/wp-json\/wp\/v2\/categories?post=1656"},{"taxonomy":"post_tag","embeddable":true,"href":"https:\/\/sindicato2schindler.cl\/sitio\/wp-json\/wp\/v2\/tags?post=1656"}],"curies":[{"name":"wp","href":"https:\/\/api.w.org\/{rel}","templated":true}]}}