{"id":1624,"date":"2022-04-30T08:00:38","date_gmt":"2022-04-30T12:00:38","guid":{"rendered":"https:\/\/sindicato2schindler.cl\/sitio\/?p=1624"},"modified":"2022-04-29T17:18:49","modified_gmt":"2022-04-29T21:18:49","slug":"dia-internacional-de-trabajo","status":"publish","type":"post","link":"https:\/\/sindicato2schindler.cl\/sitio\/dia-internacional-de-trabajo\/","title":{"rendered":"D\u00eda Internacional de Trabajo"},"content":{"rendered":"<p><img loading=\"lazy\" decoding=\"async\" class=\"aligncenter size-full wp-image-1628\" src=\"https:\/\/sindicato2schindler.cl\/sitio\/wp-content\/uploads\/2022\/04\/banner-dt-schindler.jpg\" alt=\"\" width=\"670\" height=\"300\" srcset=\"https:\/\/sindicato2schindler.cl\/sitio\/wp-content\/uploads\/2022\/04\/banner-dt-schindler.jpg 670w, https:\/\/sindicato2schindler.cl\/sitio\/wp-content\/uploads\/2022\/04\/banner-dt-schindler-300x134.jpg 300w\" sizes=\"auto, (max-width: 670px) 100vw, 670px\" \/><\/p>\n<p>Estimadas y estimados socios, en el marco de la conmemoraci\u00f3n del <strong>1\u00ba de mayo, D\u00eda Internacional de los Trabajadores<\/strong>, deseamos saludarles y agradecer la importante labor que cumplen ustedes d\u00eda a d\u00eda desde sus puestos de trabajo, y por su respaldo a nuestra gesti\u00f3n sindical.<\/p>\n<p>Aunque hemos experimentado avances, varias de nuestras demandas siguen sin ser resueltas. Debemos seguir construyendo unidad, y juntos enfrentar la exigencia en la mejora en nuestras condiciones laborales y en la relaci\u00f3n con nuestro empleador.<\/p>\n<p>Como sociedad, hay una deuda con varios de los puntos que hemos expuesto durante a\u00f1os. Tenemos la esperanza que una nueva visi\u00f3n est\u00e9 surgiendo respecto de la importancia de nuestro aporte, y de atender debidamente las aspiraciones de los trabajadores.<\/p>\n<p>Finalmente, queremos invitarles a renovar sus convicciones en pos de un marco laboral justo, seguro y positivo, que permita a nuestros trabajadores y trabajadoras desarrollar un proyecto de vida coherente, esperanzador, y trascendente en la construcci\u00f3n de una sociedad a escala humana.<\/p>\n<p>La Directiva<\/p>\n","protected":false},"excerpt":{"rendered":"<p>Estimadas y estimados socios, en el marco de la conmemoraci\u00f3n del 1\u00ba de mayo, D\u00eda Internacional de los Trabajadores, deseamos saludarles y agradecer la importante labor que cumplen ustedes d\u00eda a d\u00eda desde sus puestos de trabajo, y por su&hellip; <\/p>\n","protected":false},"author":1,"featured_media":1628,"comment_status":"open","ping_status":"open","sticky":false,"template":"","format":"standard","meta":{"footnotes":""},"categories":[7],"tags":[],"class_list":["post-1624","post","type-post","status-publish","format-standard","has-post-thumbnail","hentry","category-noticias"],"_links":{"self":[{"href":"https:\/\/sindicato2schindler.cl\/sitio\/wp-json\/wp\/v2\/posts\/1624","targetHints":{"allow":["GET"]}}],"collection":[{"href":"https:\/\/sindicato2schindler.cl\/sitio\/wp-json\/wp\/v2\/posts"}],"about":[{"href":"https:\/\/sindicato2schindler.cl\/sitio\/wp-json\/wp\/v2\/types\/post"}],"author":[{"embeddable":true,"href":"https:\/\/sindicato2schindler.cl\/sitio\/wp-json\/wp\/v2\/users\/1"}],"replies":[{"embeddable":true,"href":"https:\/\/sindicato2schindler.cl\/sitio\/wp-json\/wp\/v2\/comments?post=1624"}],"version-history":[{"count":3,"href":"https:\/\/sindicato2schindler.cl\/sitio\/wp-json\/wp\/v2\/posts\/1624\/revisions"}],"predecessor-version":[{"id":1629,"href":"https:\/\/sindicato2schindler.cl\/sitio\/wp-json\/wp\/v2\/posts\/1624\/revisions\/1629"}],"wp:featuredmedia":[{"embeddable":true,"href":"https:\/\/sindicato2schindler.cl\/sitio\/wp-json\/wp\/v2\/media\/1628"}],"wp:attachment":[{"href":"https:\/\/sindicato2schindler.cl\/sitio\/wp-json\/wp\/v2\/media?parent=1624"}],"wp:term":[{"taxonomy":"category","embeddable":true,"href":"https:\/\/sindicato2schindler.cl\/sitio\/wp-json\/wp\/v2\/categories?post=1624"},{"taxonomy":"post_tag","embeddable":true,"href":"https:\/\/sindicato2schindler.cl\/sitio\/wp-json\/wp\/v2\/tags?post=1624"}],"curies":[{"name":"wp","href":"https:\/\/api.w.org\/{rel}","templated":true}]}}