{"id":1357,"date":"2021-04-30T00:05:05","date_gmt":"2021-04-30T04:05:05","guid":{"rendered":"https:\/\/sindicato2schindler.cl\/sitio\/?p=1357"},"modified":"2021-04-30T12:51:39","modified_gmt":"2021-04-30T16:51:39","slug":"un-triste-comunicado","status":"publish","type":"post","link":"https:\/\/sindicato2schindler.cl\/sitio\/un-triste-comunicado\/","title":{"rendered":"Un Triste Comunicado"},"content":{"rendered":"<p><img loading=\"lazy\" decoding=\"async\" class=\"aligncenter size-full wp-image-1358\" src=\"https:\/\/sindicato2schindler.cl\/sitio\/wp-content\/uploads\/2021\/04\/banner-alvaro.png\" alt=\"\" width=\"670\" height=\"300\" srcset=\"https:\/\/sindicato2schindler.cl\/sitio\/wp-content\/uploads\/2021\/04\/banner-alvaro.png 670w, https:\/\/sindicato2schindler.cl\/sitio\/wp-content\/uploads\/2021\/04\/banner-alvaro-300x134.png 300w\" sizes=\"auto, (max-width: 670px) 100vw, 670px\" \/><\/p>\n<p>Estimados socios de nuestro sindicato, y miembros de la gran familia del transporte vertical:<\/p>\n<p>Con profundo pesar tenemos el triste deber de informar el fallecimiento de nuestro compa\u00f1ero de trabajo y socio de nuestro sindicato Alvaro Medina Quiroz.<\/p>\n<p>Alvaro fue un hombre querido y respetado por sus compa\u00f1eros por su calidad humana. Sin embargo, en horas de esta noche del 29 de abril, falleci\u00f3 a causa de un lamentable accidente\u00a0 laboral, mientras realizaba trabajos de mantenci\u00f3n.<\/p>\n<p>Alvaro dejar\u00e1 un espacio en el recuerdo de todos quienes le conocimos y de nuestra organizaci\u00f3n. Al partir deja a su esposa Judith y su hijo menor, a quienes les hacemos llegar todo nuestro pesar y nuestras sinceras condolencias.<\/p>\n<p>QEPD<\/p>\n<p>Los restos de \u00c1lvaro ser\u00e1n velados en su casa ubicada en <strong>Marta Brunet 6015, Macul<\/strong>, a partir de las 16:00 horas de hoy 30 de abril, y <strong>sus funerales se realizar\u00e1n ma\u00f1ana s\u00e1bado 01, a las 15:30, en el D\u00eda del Trabajador, en el Cementerio Metropolitano.<\/strong><\/p>\n<p>&nbsp;<\/p>\n","protected":false},"excerpt":{"rendered":"<p>Estimados socios de nuestro sindicato, y miembros de la gran familia del transporte vertical: Con profundo pesar tenemos el triste deber de informar el fallecimiento de nuestro compa\u00f1ero de trabajo y socio de nuestro sindicato Alvaro Medina Quiroz. Alvaro fue&hellip; <\/p>\n","protected":false},"author":1,"featured_media":1358,"comment_status":"open","ping_status":"open","sticky":false,"template":"","format":"standard","meta":{"footnotes":""},"categories":[7],"tags":[],"class_list":["post-1357","post","type-post","status-publish","format-standard","has-post-thumbnail","hentry","category-noticias"],"_links":{"self":[{"href":"https:\/\/sindicato2schindler.cl\/sitio\/wp-json\/wp\/v2\/posts\/1357","targetHints":{"allow":["GET"]}}],"collection":[{"href":"https:\/\/sindicato2schindler.cl\/sitio\/wp-json\/wp\/v2\/posts"}],"about":[{"href":"https:\/\/sindicato2schindler.cl\/sitio\/wp-json\/wp\/v2\/types\/post"}],"author":[{"embeddable":true,"href":"https:\/\/sindicato2schindler.cl\/sitio\/wp-json\/wp\/v2\/users\/1"}],"replies":[{"embeddable":true,"href":"https:\/\/sindicato2schindler.cl\/sitio\/wp-json\/wp\/v2\/comments?post=1357"}],"version-history":[{"count":8,"href":"https:\/\/sindicato2schindler.cl\/sitio\/wp-json\/wp\/v2\/posts\/1357\/revisions"}],"predecessor-version":[{"id":1366,"href":"https:\/\/sindicato2schindler.cl\/sitio\/wp-json\/wp\/v2\/posts\/1357\/revisions\/1366"}],"wp:featuredmedia":[{"embeddable":true,"href":"https:\/\/sindicato2schindler.cl\/sitio\/wp-json\/wp\/v2\/media\/1358"}],"wp:attachment":[{"href":"https:\/\/sindicato2schindler.cl\/sitio\/wp-json\/wp\/v2\/media?parent=1357"}],"wp:term":[{"taxonomy":"category","embeddable":true,"href":"https:\/\/sindicato2schindler.cl\/sitio\/wp-json\/wp\/v2\/categories?post=1357"},{"taxonomy":"post_tag","embeddable":true,"href":"https:\/\/sindicato2schindler.cl\/sitio\/wp-json\/wp\/v2\/tags?post=1357"}],"curies":[{"name":"wp","href":"https:\/\/api.w.org\/{rel}","templated":true}]}}