{"id":1314,"date":"2021-03-09T08:05:14","date_gmt":"2021-03-09T11:05:14","guid":{"rendered":"https:\/\/sindicato2schindler.cl\/sitio\/?p=1314"},"modified":"2021-03-10T10:35:22","modified_gmt":"2021-03-10T13:35:22","slug":"concurso-interno-tecnico-para-zona-central-talca","status":"publish","type":"post","link":"https:\/\/sindicato2schindler.cl\/sitio\/concurso-interno-tecnico-para-zona-central-talca\/","title":{"rendered":"Concurso Interno: T\u00e9cnico para Zona Central (Talca)"},"content":{"rendered":"<p><img loading=\"lazy\" decoding=\"async\" class=\"aligncenter size-full wp-image-1315\" src=\"https:\/\/sindicato2schindler.cl\/sitio\/wp-content\/uploads\/2021\/03\/banner-concurso.png\" alt=\"\" width=\"670\" height=\"300\" srcset=\"https:\/\/sindicato2schindler.cl\/sitio\/wp-content\/uploads\/2021\/03\/banner-concurso.png 670w, https:\/\/sindicato2schindler.cl\/sitio\/wp-content\/uploads\/2021\/03\/banner-concurso-300x134.png 300w\" sizes=\"auto, (max-width: 670px) 100vw, 670px\" \/><\/p>\n<p style=\"font-weight: 400; text-align: center;\"><strong>\u00a1No te puedes perder esta oportunidad!<\/strong><\/p>\n<p style=\"font-weight: 400;\">En Ascensores Schindler (Chile) S. A, creemos en tu talento y nos gusta impulsarte a nuevos desaf\u00edos. Hoy, queremos invitarte a postular al cargo de <strong>T\u00e9cnico para Zona Central<\/strong> con residencia en la Ciudad de Talca, en la que deber\u00e1 realizar mantenci\u00f3n, atenci\u00f3n de fallas y reparaciones.<\/p>\n<h4 style=\"font-weight: 400;\">\u00bfC\u00f3mo postular?<\/h4>\n<ul>\n<li style=\"font-weight: 400;\">Plazo de Postulaci\u00f3n:\u00a0del\u00a008\/03\/2021 al 12\/03\/2021<\/li>\n<li style=\"font-weight: 400;\">Forma de Postulaci\u00f3n: Enviar curriculum actualizado a\u00a0email\u00a0<a href=\"mailto:recursoshumanos.cl@schindler.com\">recursoshumanos.cl@schindler.com<\/a><\/li>\n<li style=\"font-weight: 400;\">Pre-selecci\u00f3n de candidatos para entrevista y evaluaci\u00f3n<\/li>\n<\/ul>\n<h4 style=\"font-weight: 400;\">Descripci\u00f3n del Cargo:<\/h4>\n<p style=\"font-weight: 400;\">Realizar el mantenimiento preventivo y correctivo y las reparaciones\u00a0 de los equipos de los clientes de forma eficiente, eficaz y profesional para proporcionar un excelente servicio al cliente de acuerdo con las reglas de seguridad y est\u00e1ndares de calidad.<\/p>\n<h4 style=\"font-weight: 400;\">Requisitos del Cargo:<\/h4>\n<ul>\n<li style=\"font-weight: 400;\">Actitud y motivaci\u00f3n al logro de objetivos.<\/li>\n<li style=\"font-weight: 400;\">Amplio conocimiento de mantenci\u00f3n preventiva, correctiva y Reparaciones.<\/li>\n<li style=\"font-weight: 400;\">Al menos nivel 2 de certificaci\u00f3n.<\/li>\n<li style=\"font-weight: 400;\">Haber tenido una mejora en su ruta en el MTBC y Cr\u00edticos comparado con el a\u00f1o pasado.<\/li>\n<li style=\"font-weight: 400;\">Al menos 5 a\u00f1os de experiencia en el rubro.<\/li>\n<li style=\"font-weight: 400;\">Al menos 2 a\u00f1os en Schindler.<\/li>\n<li style=\"font-weight: 400;\">Licencia de conducir.<\/li>\n<\/ul>\n<p>&nbsp;<\/p>\n<p style=\"font-weight: 400; text-align: center;\"><span style=\"color: #0000ff;\"><strong>Favor transmitir esta informaci\u00f3n a quienes no tienen email corporativo. De antemano agradecemos su inter\u00e9s y postulaci\u00f3n.<\/strong><\/span><\/p>\n<p style=\"font-weight: 400;\">\n<p style=\"font-weight: 400;\">Elevamos\u2026 Talentos<\/p>\n","protected":false},"excerpt":{"rendered":"<p>\u00a1No te puedes perder esta oportunidad! En Ascensores Schindler (Chile) S. A, creemos en tu talento y nos gusta impulsarte a nuevos desaf\u00edos. Hoy, queremos invitarte a postular al cargo de T\u00e9cnico para Zona Central con residencia en la Ciudad&hellip; <\/p>\n","protected":false},"author":1,"featured_media":1315,"comment_status":"open","ping_status":"open","sticky":false,"template":"","format":"standard","meta":{"footnotes":""},"categories":[1],"tags":[],"class_list":["post-1314","post","type-post","status-publish","format-standard","has-post-thumbnail","hentry","category-portada"],"_links":{"self":[{"href":"https:\/\/sindicato2schindler.cl\/sitio\/wp-json\/wp\/v2\/posts\/1314","targetHints":{"allow":["GET"]}}],"collection":[{"href":"https:\/\/sindicato2schindler.cl\/sitio\/wp-json\/wp\/v2\/posts"}],"about":[{"href":"https:\/\/sindicato2schindler.cl\/sitio\/wp-json\/wp\/v2\/types\/post"}],"author":[{"embeddable":true,"href":"https:\/\/sindicato2schindler.cl\/sitio\/wp-json\/wp\/v2\/users\/1"}],"replies":[{"embeddable":true,"href":"https:\/\/sindicato2schindler.cl\/sitio\/wp-json\/wp\/v2\/comments?post=1314"}],"version-history":[{"count":1,"href":"https:\/\/sindicato2schindler.cl\/sitio\/wp-json\/wp\/v2\/posts\/1314\/revisions"}],"predecessor-version":[{"id":1316,"href":"https:\/\/sindicato2schindler.cl\/sitio\/wp-json\/wp\/v2\/posts\/1314\/revisions\/1316"}],"wp:featuredmedia":[{"embeddable":true,"href":"https:\/\/sindicato2schindler.cl\/sitio\/wp-json\/wp\/v2\/media\/1315"}],"wp:attachment":[{"href":"https:\/\/sindicato2schindler.cl\/sitio\/wp-json\/wp\/v2\/media?parent=1314"}],"wp:term":[{"taxonomy":"category","embeddable":true,"href":"https:\/\/sindicato2schindler.cl\/sitio\/wp-json\/wp\/v2\/categories?post=1314"},{"taxonomy":"post_tag","embeddable":true,"href":"https:\/\/sindicato2schindler.cl\/sitio\/wp-json\/wp\/v2\/tags?post=1314"}],"curies":[{"name":"wp","href":"https:\/\/api.w.org\/{rel}","templated":true}]}}