{"id":1249,"date":"2020-12-11T20:12:45","date_gmt":"2020-12-12T00:12:45","guid":{"rendered":"https:\/\/sindicato2schindler.cl\/sitio\/?p=1249"},"modified":"2020-12-11T20:13:25","modified_gmt":"2020-12-12T00:13:25","slug":"conclusiones-de-la-asamblea-general-de-socios-del-07-de-diciembre-de-2020","status":"publish","type":"post","link":"https:\/\/sindicato2schindler.cl\/sitio\/conclusiones-de-la-asamblea-general-de-socios-del-07-de-diciembre-de-2020\/","title":{"rendered":"Conclusiones de la Asamblea General de Socios del 07 de diciembre de 2020"},"content":{"rendered":"<p><img loading=\"lazy\" decoding=\"async\" class=\"aligncenter size-full wp-image-1244\" src=\"https:\/\/sindicato2schindler.cl\/sitio\/wp-content\/uploads\/2020\/12\/banner-logo.png\" alt=\"\" width=\"670\" height=\"300\" srcset=\"https:\/\/sindicato2schindler.cl\/sitio\/wp-content\/uploads\/2020\/12\/banner-logo.png 670w, https:\/\/sindicato2schindler.cl\/sitio\/wp-content\/uploads\/2020\/12\/banner-logo-300x134.png 300w\" sizes=\"auto, (max-width: 670px) 100vw, 670px\" \/><\/p>\n<p>Estimados socios, como ya saben el pasado lunes 7 de diciembre, tuvimos nuestra <strong>Asamblea General de Socios.<\/strong><\/p>\n<p>En la ocasi\u00f3n conocimos diversas noticias en relaci\u00f3n a nuestra organizaci\u00f3n, incluso tuvimos una consulta en la que participaron los socios asistentes manifestando por medio de su voto su parecer, en un notable ejercicio democr\u00e1tico.<\/p>\n<p>En la cita se trataron dos temas sumamente relevantes, que dieron pie a 2 importantes decisiones, que pasamos hacer de p\u00fablico conocimiento:<\/p>\n<h4>Sobre el Fondo de Salud<\/h4>\n<p><strong>En primer lugar<\/strong>, analizamos y concluimos que nuestro fondo de salud, que tanto bien ha tra\u00eddo a muchos de los beneficiarios, ha entrado en crisis desde hace un tiempo arrojando n\u00fameros en rojo, al punto que para su financiamiento se ha debido distraer fondos desde otras \u00e1reas de nuestro presupuesto.<\/p>\n<p>Nuestro sindicato tiene el firme prop\u00f3sito de no abandonar a sus socios en circunstancias de apremio, pero al mismo tiempo se hace imposible continuar en las actuales circunstancias. Es por ello que se decidi\u00f3 con la aprobaci\u00f3n del 79% de los presentes en sala, incrementar el aporte de cada uno de los socios al fondo de salud, fijando el nuevo aporte en $ 4.000 mensuales, a contar del mes de Enero del a\u00f1o entrante.<\/p>\n<p>Lo anterior permitir\u00e1 continuar con la ayuda solidaria a quienes de verdad lo necesiten, sin dejar de atender a nuestras otras obligaciones sindicales.<\/p>\n<h4>Sobre nuestras Asambleas<\/h4>\n<p><strong>Como segundo punto<\/strong>, se hace necesario enfrentar una situaci\u00f3n cuyos efectos se han venido incrementando en el tiempo, como lo es la creciente inasistencia a las asambleas a las que el sindicato cita. Es imprescindible contar con la presencia de los socios en cada uno de estos eventos informativos, donde debemos transmitirles informaci\u00f3n, y donde es de suma importancia tomar decisiones. Esta situaci\u00f3n se hace m\u00e1s grave a\u00fan si se considera que en atenci\u00f3n a las actuales circunstancias, nuestras asambleas se han vuelto virtuales, con la ventaja notoria que en la actualidad su alcance es nacional.<\/p>\n<p>Cualquier socio del pa\u00eds puede participar activamente en nuestras asambleas, ya sea desde su computador o desde su celular. \u00bfDe qu\u00e9 modo podr\u00eda ser m\u00e1s accesible cumplir con esta obligaci\u00f3n de todo socio?<\/p>\n<p>Como sindicato hemos hecho un esfuerzo comunicacional con el prop\u00f3sito de asegurar el contacto entre nosotros, pese a la pandemia, que merece contar con la participaci\u00f3n de todos ustedes. Tenemos sitio web, tenemos contacto telef\u00f3nico, tenemos correo electr\u00f3nico, grupo de whatsapp, salas virtuales, con el \u00fanico prop\u00f3sito de mantenerlos enterados de todo cuanto sucede con nuestros trabajos.<\/p>\n<p>Es por ello, que como sindicato, y con el respaldo de la asamblea, hemos sido obligados a reimplantar el mecanismo de la multa por inasistencia injustificada a las asambleas, a partir de nuestras reuniones del mes de enero de 2021 en adelante. La multa se fij\u00f3 en $ 6.000<\/p>\n<p><strong>Es muy importante aclarar esto, y por favor atiendan muy bien a este punto. No es de nuestro inter\u00e9s incrementar nuestros ingresos como sindicato por esta v\u00eda. Nuestro inter\u00e9s es contar con la asistencia de todos nuestros socios, y ojal\u00e1 as\u00ed fuese no cursar jam\u00e1s una multa, pero si es necesario, es nuestro deber hacerlo. Detr\u00e1s de cada trabajador hay familias, hay proyectos de vida, hay esfuerzo; y no podemos jugar con aquello, dejando al libre arbitrio las decisiones m\u00e1s importantes. No hay ninguna justificaci\u00f3n para ello, tal como varios socios en la asamblea lo hicieron ver.<\/strong><\/p>\n<p>Tambi\u00e9n es importante aclarar, que bajo circunstancias especiales como trabajo, m\u00e9dico, salud o cualquier otra eventualidad de peso y demostrable, se dar\u00e1 por justificado al socio que falte a las asambleas; pero al mismo tiempo, debemos entender que estos eventos deben ser la excepci\u00f3n y no la regla.<\/p>\n<p>Les pedimos que por favor tomen en cuenta esta informaci\u00f3n, y no dejen de ser parte de la gran familia sindical en la que nos hemos convertido con el tiempo, m\u00e1s a\u00fan si en la actualidad a nuestras asambleas pueden asistir todos nuestros socios, cualquiera sea el lugar geogr\u00e1fico en la que se localicen.<\/p>\n<p>Cualquier duda o comentario, les agradeceremos hacerlo directamente a la directiva sindical.<\/p>\n<p>Sin m\u00e1s, les saluda muy cordialmente,<\/p>\n<p>La Directiva<br \/>\nSindicato N2 Ascensores Schindler<\/p>\n<p>&nbsp;<\/p>\n<p>&nbsp;<\/p>\n","protected":false},"excerpt":{"rendered":"<p>Estimados socios, como ya saben el pasado lunes 7 de diciembre, tuvimos nuestra Asamblea General de Socios. En la ocasi\u00f3n conocimos diversas noticias en relaci\u00f3n a nuestra organizaci\u00f3n, incluso tuvimos una consulta en la que participaron los socios asistentes manifestando&hellip; <\/p>\n","protected":false},"author":1,"featured_media":1244,"comment_status":"open","ping_status":"open","sticky":false,"template":"","format":"standard","meta":{"footnotes":""},"categories":[7],"tags":[],"class_list":["post-1249","post","type-post","status-publish","format-standard","has-post-thumbnail","hentry","category-noticias"],"_links":{"self":[{"href":"https:\/\/sindicato2schindler.cl\/sitio\/wp-json\/wp\/v2\/posts\/1249","targetHints":{"allow":["GET"]}}],"collection":[{"href":"https:\/\/sindicato2schindler.cl\/sitio\/wp-json\/wp\/v2\/posts"}],"about":[{"href":"https:\/\/sindicato2schindler.cl\/sitio\/wp-json\/wp\/v2\/types\/post"}],"author":[{"embeddable":true,"href":"https:\/\/sindicato2schindler.cl\/sitio\/wp-json\/wp\/v2\/users\/1"}],"replies":[{"embeddable":true,"href":"https:\/\/sindicato2schindler.cl\/sitio\/wp-json\/wp\/v2\/comments?post=1249"}],"version-history":[{"count":2,"href":"https:\/\/sindicato2schindler.cl\/sitio\/wp-json\/wp\/v2\/posts\/1249\/revisions"}],"predecessor-version":[{"id":1251,"href":"https:\/\/sindicato2schindler.cl\/sitio\/wp-json\/wp\/v2\/posts\/1249\/revisions\/1251"}],"wp:featuredmedia":[{"embeddable":true,"href":"https:\/\/sindicato2schindler.cl\/sitio\/wp-json\/wp\/v2\/media\/1244"}],"wp:attachment":[{"href":"https:\/\/sindicato2schindler.cl\/sitio\/wp-json\/wp\/v2\/media?parent=1249"}],"wp:term":[{"taxonomy":"category","embeddable":true,"href":"https:\/\/sindicato2schindler.cl\/sitio\/wp-json\/wp\/v2\/categories?post=1249"},{"taxonomy":"post_tag","embeddable":true,"href":"https:\/\/sindicato2schindler.cl\/sitio\/wp-json\/wp\/v2\/tags?post=1249"}],"curies":[{"name":"wp","href":"https:\/\/api.w.org\/{rel}","templated":true}]}}